{"id":3567,"date":"2019-10-03T10:16:05","date_gmt":"2019-10-03T10:16:05","guid":{"rendered":"https:\/\/medentis.ro\/?p=3567"},"modified":"2022-03-17T07:37:34","modified_gmt":"2022-03-17T07:37:34","slug":"ata-dentara-cum-si-cand-o-folosim","status":"publish","type":"post","link":"https:\/\/medentis.ro\/en\/2019\/10\/03\/ata-dentara-cum-si-cand-o-folosim\/","title":{"rendered":"A\u021ba dentar\u0103 &#8211; Cum \u0219i c\u00e2nd o folosim?"},"content":{"rendered":"<h3>De ce s\u0103 folosim a\u021ba dentar\u0103?<\/h3>\n<p>Pentru a ne proteja de afec\u021biunile gingivale este important s\u0103 ne men\u021binem din\u021bii \u0219i gingiile s\u0103n\u0103toase prin \u00eendep\u0103rtarea pl\u0103cii bacteriene. \u00cens\u0103 cur\u0103\u021barea spa\u021biilor mai greu accesibile dintre din\u021bi e mai dificil\u0103 doar cu periu\u021ba. De aceea, a\u021ba dentar\u0103 sau banda dentar\u0103 ne pot ajuta s\u0103 \u00eendep\u0103rt\u0103m acumul\u0103rile de plac\u0103 bacterian\u0103 din spa\u021biile dintre din\u021bi \u0219i sub linia gingival\u0103.Atunci c\u00e2nd folosim a\u021ba dentar\u0103 e important s\u0103 aplic\u0103m corect tehnica de cur\u0103\u021bare.<\/p>\n<h3>Reguli de utilizare a a\u021bei dentare<\/h3>\n<ul>\n<li>firul trebuie prins de degetele ambelor m\u00e2ini, \u00eentre degetul mare \u0219i ar\u0103t\u0103tor sau mijlociu al fiec\u0103rei m\u00e2ini, \u00eentr-o pozi\u021bie oblic\u0103<\/li>\n<li>distan\u021ba firului \u00eentre degete nu trebuie sa fie mai mare de 2-3 cm<\/li>\n<li>se trece firul peste punctul de contact al din\u021bilor cu o mi\u0219care bl\u00e2nd\u0103 \u00eenainte \u0219i \u00eenapoi, p\u00e2n\u0103 la dep\u0103\u0219irea obstacolului. \u00cen cazul unui contact str\u00e2ns, introducerea interdentar\u0103 se face ferm, cu firul \u00eentins, \u00eens\u0103 presiunea va fi foarte bine controlat\u0103 pentru a nu leza papila interdentar\u0103<\/li>\n<li>se adapteaz\u0103 firul \u00een jurul dintelui, apoi \u021binut \u00een tensiune \u0219i u\u0219or curbat pe suprafa\u021ba dintelui, va fi deplasat de 5-6 ori \u00een sus \u0219i \u00een jos, \u00een plan vertical, f\u0103r\u0103 a traumatiza papila interdentar\u0103<\/li>\n<li>exist\u0103 dispozitive de men\u021binere, din plastic, \u00een form\u0103 de furc\u0103, cu butoni externi, \u00een care se fixeaz\u0103, prin r\u0103sucire, firul, pentru situa\u021biile \u00een care pacientul nu are dexteritate necesar\u0103 \u00een manevrarea digitala a firului. Pentru pacien\u021bii care consider\u0103 a\u021ba dentar\u0103 o tortur\u0103 exista varianta mult mai comod\u0103 a\u00a0air floss-ului.<\/li>\n<\/ul>\n<figure id=\"attachment_3569\" aria-describedby=\"caption-attachment-3569\" style=\"width: 628px\" class=\"wp-caption aligncenter\"><img decoding=\"async\" class=\"wp-image-3569\" src=\"https:\/\/medentis.ro\/wp-content\/uploads\/2019\/10\/2405.jpg\" alt=\"Tehnica de folosire a a\u021bei dentare\" width=\"628\" height=\"374\" srcset=\"https:\/\/medentis.ro\/wp-content\/uploads\/2019\/10\/2405.jpg 6079w, https:\/\/medentis.ro\/wp-content\/uploads\/2019\/10\/2405-300x179.jpg 300w, https:\/\/medentis.ro\/wp-content\/uploads\/2019\/10\/2405-768x457.jpg 768w, https:\/\/medentis.ro\/wp-content\/uploads\/2019\/10\/2405-1024x610.jpg 1024w\" sizes=\"(max-width: 628px) 100vw, 628px\" \/><figcaption id=\"caption-attachment-3569\" class=\"wp-caption-text\">Tehnica de folosire a a\u021bei dentare<\/figcaption><\/figure>\n<p>Dac\u0103 nu sunte\u021bi singuri cum s\u0103 folosi\u021bi corect a\u021ba dentar\u0103, <a href=\"https:\/\/medentis.ro\/despre\/\">medicii no\u0219tri speciali\u0219ti<\/a> v\u0103 pot ar\u0103ta tehnica.<\/p>\n<p>E posibil ca la \u00eenceput s\u0103 ave\u021bi s\u00e2nger\u0103ri \u00een timpul folosirii a\u021bei dentare, dar acest lucru ar trebui s\u0103 dispar\u0103 dup\u0103 scurt timp. E important \u0219i s\u0103 o folosi\u021bi cu grij\u0103, f\u0103r\u0103 a leza gingiile. Dac\u0103 dup\u0103 c\u00e2teva zile de folosire a a\u021bei dentare \u00eenc\u0103 apar s\u00e2nger\u0103ri, e posibil s\u0103 realiza\u021bi c\u0103 suferi\u021bi de o afec\u021biune gingival\u0103 \u0219i e indicat s\u0103 contacta\u021bi medicul stomatolog pentru a verifica starea gingiilor.<\/p>\n<h3>C\u00e2t de des se folose\u0219te a\u021ba dentar\u0103?<\/h3>\n<p>\u00cencep\u00e2nd cu v\u00e2rsta de 12 ani, se folose\u0219te o dat\u0103 pe zi, \u00eenainte de periaj.<\/p>\n<p>&nbsp;<\/p>\n<p>Pentru program\u0103ri, v\u0103 rug\u0103m s\u0103 suna\u021bi la num\u0103rul de telefon 0749272841, de luni p\u00e2n\u0103 vineri, \u00eentre orele 8 \u0219i 20.<\/p>\n<p>Ne g\u0103si\u021bi pe str. Hermann Oberth nr. 41, Media\u0219.<\/p>\n<p><span id=\"bd_nd_B937DB990D1548698380D65CF906E308_anchor_246\"><img decoding=\"async\" id=\"bd_nd_B937DB990D1548698380D65CF906E308_icon_246\" class=\"bd_nd_B937DB990D1548698380D65CF906E308_icon_green\" src=\"data:image\/png;base64,iVBORw0KGgoAAAANSUhEUgAAACAAAAAgCAYAAABzenr0AAAABGdBTUEAALGPC\/xhBQAAA7FJREFUWAnNV1lIlFEU\/u4\/45gLY3symWkZhGNaRBst6kMEFS2QD1FQEBVFEUUPhdBDEdJmD+09FdGTYRAktMCUT4YttvqQlIaZSxEamk4zczvnOv8w0\/z\/LI5WB\/Teueec7zv3nvPf\/\/wCMYrzbZmtt02UeoE1kDIfEA5A0h+LaKN5G4R4ZwHupDmk662zyj2oi\/xfRFYDOa6yTOnGEQmxSULao9mzXkD0CMibwoajzaVV7ZF8TAPIe783eeBjRzk5H6Adp0UCMdUJ0Uu6yuTcScebZpwbMLIzDIB37f0lbhPxQiOnuNeEqLMkyfVGpxEWQO7DjYUer+cukWTFTRTZoTVJw8oPy6teB5uFBKB27kb9CJDrnK0WG+YFn4Smazjn6tiHf+c6BY9ZzMFc+mIgAFVww5VzHd1oJA5\/cSutSoG\/6JqGXO1GRJHW6OmgoszjVKgT4Od8uMmTNZt5CPRYK06y0PiG40vG3Dp+zbrMJXAtPou8tMmmzszJ3Bpfr7HecKZoQYqlYwtxpmA3slImoHr+MdMgmJO5NXW3BwEkMp1ln4arsw8iSbMqmFc9H9DcZ34TM7dGuacXS+IyNWUSrs85jDTrKAX2msh3NJyGRxKNmRA3FSG\/1RKTcTY7bswtx\/jkDAXU0teBLc8r0OftjwIsHBSA\/ko1t102rghnC\/bAqLJTLaNwjXaek5qpAL4OdGPzs+P46u42BwxopGMwWYGF8El2ykScL9yH0UnpmJmeje0Np9Da36UMrcKCK0UHUJQxXf3u9fRj64sKtPw0z3swg6BK5BRQM2EuC8bkw25NVQZOew5qFp0AVzrLKecuFI+frea\/fB7sfHkGXHixihTii5hyv8wFiZJITpwC\/RTYzit9qP\/eiIVjncpNSon9by6g+kttJJhwncAjjduocE3oSu23l1hddwiNP1qUwiK0ADkvVLy\/GT85OxK3xj0cz6PJp5+dWPukHA86n4aYurpe4HJzTBAhfvyDuTVuILmHC9MaLPT73NjWcBK3Pj+i60OqS2YLFd1QhDkHucl76r2yiz5gVzxAGxzFqGmvQ5\/PsNWLCkXVf6llRdVuGikV1L1SPriBjFlutT0eMjlzKU5iUwH4W6TKmNkTN6zU2zIVAONx60yR1SWOHQWBOBSX3+z\/aUo5ID4Wq8W6iqat\/gCHc1BtuX70OnDICeiLf\/PDJFADOjmPHCXlqYRq4li8T0cwjvIlDMb6c+e6neEJ6Eoe+TT+ycdpcBA8H6nP898PW2+tnIPs1AAAAABJRU5ErkJggg==\" \/><\/span><a href=\"http:\/\/www.medentis.ro\/?fbclid=IwAR1oBTGvF0ehYzkfK_lglzrNdd86F--xuNHF7NeWdt-0q7VUFIduMZ_Ryuo\" target=\"_blank\" rel=\"noopener nofollow noreferrer\" data-ft=\"{&quot;tn&quot;:&quot;-U&quot;}\" data-lynx-mode=\"async\" data-lynx-uri=\"https:\/\/l.facebook.com\/l.php?u=http%3A%2F%2Fwww.medentis.ro%2F%3Ffbclid%3DIwAR1oBTGvF0ehYzkfK_lglzrNdd86F--xuNHF7NeWdt-0q7VUFIduMZ_Ryuo&amp;h=AT1KlSW572PljRPnbjSXhbCe5qR8MFcQ_I5dXYarhIlM454ZuAjUpnEYiOZubuN8TYNsTgj5DMRzL6AxZKal7ImlIrf8wPb8bVazlZBbyoBqubSvXc_jYzXi_ncq9F67s28InULh3uP6woNFFJ2xesCFCW-Takj517egpsRYC5a9TKSa0wdrjO4HoOyMA6Y_INMS6c4CtSZy_wiFTzAXPULfhmlMKOCYzaxHP5P7Q4gCY_w0ToC9R8cfUKVUovUkHDaGtee89oKCK-aZXUWtNah4PHKGoSPMEDGXO5RxnjoCY_6-WFs6ZT0udLi8XF4aW5CXVC74KN5X0b6tLyrZyXLi5_cnZlM7qFv_c8ROpdv3GYN2nfYqlBIBui0IVqCGDIRAORf3G4cjLzYBvI34TUIA1ykbRalQOsn3kHDuPDOFByPbk2_a4vIQ-0JpWT7RLUZjoKdmtwr32goHHBDSVFy6A7mMt4vVxr6LIRtAB7LOMjzaBJEZTotax0ocNF1dZ0y0OFElTZdJOEsYX6UwdWzPz9DOpEUGgg2wJAbSNlVnc6MkxoAXyZaruZZAD-e1Pb6PfLVZvrNN237k7pEb4lIOW6Q1xLwHWwG-E3tRVCdccybBeMIo06MUWq9_gf-ZQr3FZw\">www.medentis.ro<\/a><\/p>\n<p><img decoding=\"async\" class=\"wp-image-3563 aligncenter\" src=\"https:\/\/medentis.ro\/wp-content\/uploads\/2019\/09\/harta-.jpg\" alt=\"\" width=\"529\" height=\"367\" srcset=\"https:\/\/medentis.ro\/wp-content\/uploads\/2019\/09\/harta-.jpg 2048w, https:\/\/medentis.ro\/wp-content\/uploads\/2019\/09\/harta--300x208.jpg 300w, https:\/\/medentis.ro\/wp-content\/uploads\/2019\/09\/harta--768x533.jpg 768w, https:\/\/medentis.ro\/wp-content\/uploads\/2019\/09\/harta--1024x710.jpg 1024w\" sizes=\"(max-width: 529px) 100vw, 529px\" \/><\/p>\n","protected":false},"excerpt":{"rendered":"<p>De ce s\u0103 folosim a\u021ba dentar\u0103? Pentru a ne proteja de afec\u021biunile gingivale este important s\u0103 ne men\u021binem din\u021bii \u0219i gingiile s\u0103n\u0103toase prin \u00eendep\u0103rtarea pl\u0103cii bacteriene. \u00cens\u0103 cur\u0103\u021barea spa\u021biilor mai greu accesibile dintre din\u021bi e mai dificil\u0103 doar cu periu\u021ba. De aceea, a\u021ba dentar\u0103 sau banda dentar\u0103 ne pot ajuta s\u0103 \u00eendep\u0103rt\u0103m acumul\u0103rile de plac\u0103 [&hellip;]<\/p>\n","protected":false},"author":5,"featured_media":3568,"comment_status":"open","ping_status":"open","sticky":false,"template":"","format":"standard","meta":{"_monsterinsights_skip_tracking":false,"_monsterinsights_sitenote_active":false,"_monsterinsights_sitenote_note":"","_monsterinsights_sitenote_category":0,"footnotes":""},"categories":[41,211],"tags":[88,133,51,74,132],"class_list":["post-3567","post","type-post","status-publish","format-standard","has-post-thumbnail","hentry","category-blog","category-utile","tag-ata-dentara","tag-dentar","tag-dinti","tag-gingii","tag-profilaxie"],"_links":{"self":[{"href":"https:\/\/medentis.ro\/en\/wp-json\/wp\/v2\/posts\/3567","targetHints":{"allow":["GET"]}}],"collection":[{"href":"https:\/\/medentis.ro\/en\/wp-json\/wp\/v2\/posts"}],"about":[{"href":"https:\/\/medentis.ro\/en\/wp-json\/wp\/v2\/types\/post"}],"author":[{"embeddable":true,"href":"https:\/\/medentis.ro\/en\/wp-json\/wp\/v2\/users\/5"}],"replies":[{"embeddable":true,"href":"https:\/\/medentis.ro\/en\/wp-json\/wp\/v2\/comments?post=3567"}],"version-history":[{"count":0,"href":"https:\/\/medentis.ro\/en\/wp-json\/wp\/v2\/posts\/3567\/revisions"}],"wp:featuredmedia":[{"embeddable":true,"href":"https:\/\/medentis.ro\/en\/wp-json\/wp\/v2\/media\/3568"}],"wp:attachment":[{"href":"https:\/\/medentis.ro\/en\/wp-json\/wp\/v2\/media?parent=3567"}],"wp:term":[{"taxonomy":"category","embeddable":true,"href":"https:\/\/medentis.ro\/en\/wp-json\/wp\/v2\/categories?post=3567"},{"taxonomy":"post_tag","embeddable":true,"href":"https:\/\/medentis.ro\/en\/wp-json\/wp\/v2\/tags?post=3567"}],"curies":[{"name":"wp","href":"https:\/\/api.w.org\/{rel}","templated":true}]}}